{"id":703,"date":"2024-10-10T08:11:22","date_gmt":"2024-10-10T08:11:22","guid":{"rendered":"https:\/\/lyceejeanmace-vitry.fr\/?p=703"},"modified":"2024-10-10T08:20:29","modified_gmt":"2024-10-10T08:20:29","slug":"erasmus-days","status":"publish","type":"post","link":"https:\/\/lyceejeanmace-vitry.fr\/?p=703","title":{"rendered":"Erasmus Days"},"content":{"rendered":"\n<figure class=\"wp-block-embed is-type-video is-provider-youtube wp-block-embed-youtube wp-embed-aspect-16-9 wp-has-aspect-ratio\"><div class=\"wp-block-embed__wrapper\">\n<iframe loading=\"lazy\" title=\"Erasmusdays challenge 2024\" width=\"800\" height=\"450\" src=\"https:\/\/www.youtube.com\/embed\/frAPYpuKlrk?feature=oembed\" frameborder=\"0\" allow=\"accelerometer; autoplay; clipboard-write; encrypted-media; gyroscope; picture-in-picture; web-share\" referrerpolicy=\"strict-origin-when-cross-origin\" allowfullscreen><\/iframe>\n<\/div><\/figure>\n\n\n\n<p><strong>Les Erasmus Days arrivent au Lyc\u00e9e Jean Mac\u00e9 !<\/strong> <br><strong>Du 14 au 19 octobre, venez c\u00e9l\u00e9brer l\u2019Europe avec nous ! <br>D\u00e9couvrez le programme Erasmus \u00e0 travers nos diff\u00e9rents stands d\u2019animation. <br>Rejoignez-nous le mardi 15 octobre de 10h \u00e0 14h dans le hall de votre lyc\u00e9e (site Ferry et site Tr\u00e9moulet). <br>De plus, le mardi 15 octobre de 12h \u00e0 13h, participez \u00e0 une s\u00e9ance de pr\u00e9sentation du programme et rencontrez vos camarades qui ont particip\u00e9 aux \u00e9changes ces  derni\u00e8res ann\u00e9es, au foyer des \u00e9l\u00e8ves.<br>Nous vous attendons nombreuses et nombreux pour c\u00e9l\u00e9brer cette belle initiative europ\u00e9enne !<\/strong><\/p>\n\n\n\n<figure class=\"wp-block-image size-large\"><img loading=\"lazy\" decoding=\"async\" width=\"1024\" height=\"342\" src=\"https:\/\/lyceejeanmace-vitry.fr\/wp-content\/uploads\/2024\/10\/web-banner-4-1024x342.jpg\" alt=\"\" class=\"wp-image-708\" srcset=\"https:\/\/lyceejeanmace-vitry.fr\/wp-content\/uploads\/2024\/10\/web-banner-4-1024x342.jpg 1024w, https:\/\/lyceejeanmace-vitry.fr\/wp-content\/uploads\/2024\/10\/web-banner-4-300x100.jpg 300w, https:\/\/lyceejeanmace-vitry.fr\/wp-content\/uploads\/2024\/10\/web-banner-4-768x256.jpg 768w, https:\/\/lyceejeanmace-vitry.fr\/wp-content\/uploads\/2024\/10\/web-banner-4.jpg 1250w\" sizes=\"auto, (max-width: 1024px) 100vw, 1024px\" \/><\/figure>\n","protected":false},"excerpt":{"rendered":"<p>Les Erasmus Days arrivent au Lyc\u00e9e Jean Mac\u00e9 ! Du 14 au 19 octobre, venez c\u00e9l\u00e9brer l\u2019Europe avec nous !<\/p>\n","protected":false},"author":3,"featured_media":707,"comment_status":"closed","ping_status":"closed","sticky":false,"template":"","format":"standard","meta":{"footnotes":""},"categories":[6],"tags":[],"class_list":["post-703","post","type-post","status-publish","format-standard","has-post-thumbnail","hentry","category-dernieres-actualites"],"_links":{"self":[{"href":"https:\/\/lyceejeanmace-vitry.fr\/index.php?rest_route=\/wp\/v2\/posts\/703","targetHints":{"allow":["GET"]}}],"collection":[{"href":"https:\/\/lyceejeanmace-vitry.fr\/index.php?rest_route=\/wp\/v2\/posts"}],"about":[{"href":"https:\/\/lyceejeanmace-vitry.fr\/index.php?rest_route=\/wp\/v2\/types\/post"}],"author":[{"embeddable":true,"href":"https:\/\/lyceejeanmace-vitry.fr\/index.php?rest_route=\/wp\/v2\/users\/3"}],"replies":[{"embeddable":true,"href":"https:\/\/lyceejeanmace-vitry.fr\/index.php?rest_route=%2Fwp%2Fv2%2Fcomments&post=703"}],"version-history":[{"count":4,"href":"https:\/\/lyceejeanmace-vitry.fr\/index.php?rest_route=\/wp\/v2\/posts\/703\/revisions"}],"predecessor-version":[{"id":712,"href":"https:\/\/lyceejeanmace-vitry.fr\/index.php?rest_route=\/wp\/v2\/posts\/703\/revisions\/712"}],"wp:featuredmedia":[{"embeddable":true,"href":"https:\/\/lyceejeanmace-vitry.fr\/index.php?rest_route=\/wp\/v2\/media\/707"}],"wp:attachment":[{"href":"https:\/\/lyceejeanmace-vitry.fr\/index.php?rest_route=%2Fwp%2Fv2%2Fmedia&parent=703"}],"wp:term":[{"taxonomy":"category","embeddable":true,"href":"https:\/\/lyceejeanmace-vitry.fr\/index.php?rest_route=%2Fwp%2Fv2%2Fcategories&post=703"},{"taxonomy":"post_tag","embeddable":true,"href":"https:\/\/lyceejeanmace-vitry.fr\/index.php?rest_route=%2Fwp%2Fv2%2Ftags&post=703"}],"curies":[{"name":"wp","href":"https:\/\/api.w.org\/{rel}","templated":true}]}}