{"id":854,"date":"2025-05-15T07:26:54","date_gmt":"2025-05-15T07:26:54","guid":{"rendered":"https:\/\/lyceejeanmace-vitry.fr\/?p=854"},"modified":"2025-05-15T07:28:16","modified_gmt":"2025-05-15T07:28:16","slug":"appel-a-candidatures","status":"publish","type":"post","link":"https:\/\/lyceejeanmace-vitry.fr\/?p=854","title":{"rendered":"Appel \u00e0 candidatures"},"content":{"rendered":"\n<p><br><strong>MOBILIT\u00c9 COURTE \u00c0 L\u2019\u00c9TRANGER POUR LES PERSONNELS DE LA VOIE SUP\u00c9RIEURE<\/strong><\/p>\n\n\n\n<p>Dans le cadre du programme Erasmus+ et plus particuli\u00e8rement de la mobilit\u00e9 des personnels de l\u2019enseignement sup\u00e9rieur, <strong>nous sommes \u00e0 la recherche d\u2019un(e) coll\u00e8gue volontaire pour effectuer une mobilit\u00e9 courte \u00e0 l\u2019\u00e9tranger d\u2019une dur\u00e9e de 5 jours (hors temps de trajet)<\/strong>. La p\u00e9riode est libre, selon vos disponibilit\u00e9s et celles de l\u2019organisme d\u2019accueil. Mme Tour\u00e9, ERAEI pour la voie sup\u00e9rieure, vous accompagnera tout au long du processus pr\u00e9 et post mobilit\u00e9.&nbsp;<\/p>\n\n\n\n<p>Si cela vous int\u00e9resse merci de prendre connaissance du document ci-joint.&nbsp;<\/p>\n\n\n\n<div data-wp-interactive=\"core\/file\" class=\"wp-block-file\"><object data-wp-bind--hidden=\"!state.hasPdfPreview\" hidden class=\"wp-block-file__embed\" data=\"https:\/\/lyceejeanmace-vitry.fr\/wp-content\/uploads\/2025\/05\/Erasmus_candidature_personnels-1.pdf\" type=\"application\/pdf\" style=\"width:100%;height:810px\" aria-label=\"Contenu embarqu\u00e9 Erasmus_candidature_personnels.\"><\/object><a id=\"wp-block-file--media-7ce57994-280e-47c5-8734-aa273564dee2\" href=\"https:\/\/lyceejeanmace-vitry.fr\/wp-content\/uploads\/2025\/05\/Erasmus_candidature_personnels-1.pdf\">Erasmus_candidature_personnels<\/a><a href=\"https:\/\/lyceejeanmace-vitry.fr\/wp-content\/uploads\/2025\/05\/Erasmus_candidature_personnels-1.pdf\" class=\"wp-block-file__button wp-element-button\" download aria-describedby=\"wp-block-file--media-7ce57994-280e-47c5-8734-aa273564dee2\">T\u00e9l\u00e9charger<\/a><\/div>\n","protected":false},"excerpt":{"rendered":"<p>MOBILIT\u00c9 COURTE \u00c0 L\u2019\u00c9TRANGER POUR LES PERSONNELS DE LA VOIE SUP\u00c9RIEURE Dans le cadre du programme Erasmus+ et plus particuli\u00e8rement<\/p>\n","protected":false},"author":3,"featured_media":857,"comment_status":"closed","ping_status":"closed","sticky":false,"template":"","format":"standard","meta":{"footnotes":""},"categories":[6],"tags":[],"class_list":["post-854","post","type-post","status-publish","format-standard","has-post-thumbnail","hentry","category-dernieres-actualites"],"_links":{"self":[{"href":"https:\/\/lyceejeanmace-vitry.fr\/index.php?rest_route=\/wp\/v2\/posts\/854","targetHints":{"allow":["GET"]}}],"collection":[{"href":"https:\/\/lyceejeanmace-vitry.fr\/index.php?rest_route=\/wp\/v2\/posts"}],"about":[{"href":"https:\/\/lyceejeanmace-vitry.fr\/index.php?rest_route=\/wp\/v2\/types\/post"}],"author":[{"embeddable":true,"href":"https:\/\/lyceejeanmace-vitry.fr\/index.php?rest_route=\/wp\/v2\/users\/3"}],"replies":[{"embeddable":true,"href":"https:\/\/lyceejeanmace-vitry.fr\/index.php?rest_route=%2Fwp%2Fv2%2Fcomments&post=854"}],"version-history":[{"count":1,"href":"https:\/\/lyceejeanmace-vitry.fr\/index.php?rest_route=\/wp\/v2\/posts\/854\/revisions"}],"predecessor-version":[{"id":856,"href":"https:\/\/lyceejeanmace-vitry.fr\/index.php?rest_route=\/wp\/v2\/posts\/854\/revisions\/856"}],"wp:featuredmedia":[{"embeddable":true,"href":"https:\/\/lyceejeanmace-vitry.fr\/index.php?rest_route=\/wp\/v2\/media\/857"}],"wp:attachment":[{"href":"https:\/\/lyceejeanmace-vitry.fr\/index.php?rest_route=%2Fwp%2Fv2%2Fmedia&parent=854"}],"wp:term":[{"taxonomy":"category","embeddable":true,"href":"https:\/\/lyceejeanmace-vitry.fr\/index.php?rest_route=%2Fwp%2Fv2%2Fcategories&post=854"},{"taxonomy":"post_tag","embeddable":true,"href":"https:\/\/lyceejeanmace-vitry.fr\/index.php?rest_route=%2Fwp%2Fv2%2Ftags&post=854"}],"curies":[{"name":"wp","href":"https:\/\/api.w.org\/{rel}","templated":true}]}}