{"id":896,"date":"2025-09-29T07:47:48","date_gmt":"2025-09-29T07:47:48","guid":{"rendered":"https:\/\/lyceejeanmace-vitry.fr\/?p=896"},"modified":"2025-09-29T07:47:48","modified_gmt":"2025-09-29T07:47:48","slug":"decouverte-de-la-foret-de-fontainebleau","status":"publish","type":"post","link":"https:\/\/lyceejeanmace-vitry.fr\/?p=896","title":{"rendered":"D\u00e9couverte de la for\u00eat de Fontainebleau"},"content":{"rendered":"\n<p>Lundi 15 et mardi 16 septembre, les \u00e9l\u00e8ves de Premi\u00e8re G\u00e9n\u00e9rale du lyc\u00e9e Jean Mac\u00e9 ont pu d\u00e9couvrir la for\u00eat de Fontainebleau. Cela a \u00e9t\u00e9 pour eux l&#8217;occasion de d\u00e9couvrir et comprendre le fonctionnement d&#8217;un \u00e9cosyst\u00e8me, mais aussi de r\u00e9aliser la diversit\u00e9 des services \u00e9cosyst\u00e9miques rendus par la for\u00eat, qu&#8217;il est n\u00e9cessaire de prot\u00e9ger. Cette sortie scolaire r\u00e9alis\u00e9e en d\u00e9but d&#8217;ann\u00e9e a aussi \u00e9t\u00e9 l&#8217;occasion pour les \u00e9l\u00e8ves d&#8217;apprendre \u00e0 se conna\u00eetre et \u00e0 souder les classes.<br>Les enseignants de SVT et les \u00e9l\u00e8ves remercient la municipalit\u00e9 de Vitry-sur-Seine qui a fourni les cars nous permettant d&#8217;aller et revenir de Fontainebleau avec une centaine d&#8217;\u00e9l\u00e8ves, et sans qui cette sortie scolaire n&#8217;aurait pu voir le jour.<\/p>\n\n\n\n<figure class=\"wp-block-image size-large\"><img loading=\"lazy\" decoding=\"async\" width=\"1024\" height=\"576\" src=\"https:\/\/lyceejeanmace-vitry.fr\/wp-content\/uploads\/2025\/09\/WhatsApp-Image-2025-09-29-at-09.33.551-1024x576.jpeg\" alt=\"\" class=\"wp-image-901\" srcset=\"https:\/\/lyceejeanmace-vitry.fr\/wp-content\/uploads\/2025\/09\/WhatsApp-Image-2025-09-29-at-09.33.551-1024x576.jpeg 1024w, https:\/\/lyceejeanmace-vitry.fr\/wp-content\/uploads\/2025\/09\/WhatsApp-Image-2025-09-29-at-09.33.551-300x169.jpeg 300w, https:\/\/lyceejeanmace-vitry.fr\/wp-content\/uploads\/2025\/09\/WhatsApp-Image-2025-09-29-at-09.33.551-768x432.jpeg 768w, https:\/\/lyceejeanmace-vitry.fr\/wp-content\/uploads\/2025\/09\/WhatsApp-Image-2025-09-29-at-09.33.551-1536x864.jpeg 1536w, https:\/\/lyceejeanmace-vitry.fr\/wp-content\/uploads\/2025\/09\/WhatsApp-Image-2025-09-29-at-09.33.551.jpeg 1600w\" sizes=\"auto, (max-width: 1024px) 100vw, 1024px\" \/><\/figure>\n\n\n\n<figure class=\"wp-block-image size-large\"><img loading=\"lazy\" decoding=\"async\" width=\"1024\" height=\"473\" src=\"https:\/\/lyceejeanmace-vitry.fr\/wp-content\/uploads\/2025\/09\/WhatsApp-Image-2025-09-29-at-09.33.54-1024x473.jpeg\" alt=\"\" class=\"wp-image-897\" srcset=\"https:\/\/lyceejeanmace-vitry.fr\/wp-content\/uploads\/2025\/09\/WhatsApp-Image-2025-09-29-at-09.33.54-1024x473.jpeg 1024w, https:\/\/lyceejeanmace-vitry.fr\/wp-content\/uploads\/2025\/09\/WhatsApp-Image-2025-09-29-at-09.33.54-300x139.jpeg 300w, https:\/\/lyceejeanmace-vitry.fr\/wp-content\/uploads\/2025\/09\/WhatsApp-Image-2025-09-29-at-09.33.54-768x355.jpeg 768w, https:\/\/lyceejeanmace-vitry.fr\/wp-content\/uploads\/2025\/09\/WhatsApp-Image-2025-09-29-at-09.33.54-1536x709.jpeg 1536w, https:\/\/lyceejeanmace-vitry.fr\/wp-content\/uploads\/2025\/09\/WhatsApp-Image-2025-09-29-at-09.33.54.jpeg 1600w\" sizes=\"auto, (max-width: 1024px) 100vw, 1024px\" \/><\/figure>\n\n\n\n<figure class=\"wp-block-image size-large\"><img loading=\"lazy\" decoding=\"async\" width=\"473\" height=\"1024\" src=\"https:\/\/lyceejeanmace-vitry.fr\/wp-content\/uploads\/2025\/09\/WhatsApp-Image-2025-09-29-at-09.33.55-473x1024.jpeg\" alt=\"\" class=\"wp-image-898\" srcset=\"https:\/\/lyceejeanmace-vitry.fr\/wp-content\/uploads\/2025\/09\/WhatsApp-Image-2025-09-29-at-09.33.55-473x1024.jpeg 473w, https:\/\/lyceejeanmace-vitry.fr\/wp-content\/uploads\/2025\/09\/WhatsApp-Image-2025-09-29-at-09.33.55-139x300.jpeg 139w, https:\/\/lyceejeanmace-vitry.fr\/wp-content\/uploads\/2025\/09\/WhatsApp-Image-2025-09-29-at-09.33.55-709x1536.jpeg 709w, https:\/\/lyceejeanmace-vitry.fr\/wp-content\/uploads\/2025\/09\/WhatsApp-Image-2025-09-29-at-09.33.55.jpeg 739w\" sizes=\"auto, (max-width: 473px) 100vw, 473px\" \/><\/figure>\n","protected":false},"excerpt":{"rendered":"<p>Lundi 15 et mardi 16 septembre, les \u00e9l\u00e8ves de Premi\u00e8re G\u00e9n\u00e9rale du lyc\u00e9e Jean Mac\u00e9 ont pu d\u00e9couvrir la for\u00eat<\/p>\n","protected":false},"author":3,"featured_media":897,"comment_status":"closed","ping_status":"closed","sticky":false,"template":"","format":"standard","meta":{"footnotes":""},"categories":[6],"tags":[],"class_list":["post-896","post","type-post","status-publish","format-standard","has-post-thumbnail","hentry","category-dernieres-actualites"],"_links":{"self":[{"href":"https:\/\/lyceejeanmace-vitry.fr\/index.php?rest_route=\/wp\/v2\/posts\/896","targetHints":{"allow":["GET"]}}],"collection":[{"href":"https:\/\/lyceejeanmace-vitry.fr\/index.php?rest_route=\/wp\/v2\/posts"}],"about":[{"href":"https:\/\/lyceejeanmace-vitry.fr\/index.php?rest_route=\/wp\/v2\/types\/post"}],"author":[{"embeddable":true,"href":"https:\/\/lyceejeanmace-vitry.fr\/index.php?rest_route=\/wp\/v2\/users\/3"}],"replies":[{"embeddable":true,"href":"https:\/\/lyceejeanmace-vitry.fr\/index.php?rest_route=%2Fwp%2Fv2%2Fcomments&post=896"}],"version-history":[{"count":1,"href":"https:\/\/lyceejeanmace-vitry.fr\/index.php?rest_route=\/wp\/v2\/posts\/896\/revisions"}],"predecessor-version":[{"id":902,"href":"https:\/\/lyceejeanmace-vitry.fr\/index.php?rest_route=\/wp\/v2\/posts\/896\/revisions\/902"}],"wp:featuredmedia":[{"embeddable":true,"href":"https:\/\/lyceejeanmace-vitry.fr\/index.php?rest_route=\/wp\/v2\/media\/897"}],"wp:attachment":[{"href":"https:\/\/lyceejeanmace-vitry.fr\/index.php?rest_route=%2Fwp%2Fv2%2Fmedia&parent=896"}],"wp:term":[{"taxonomy":"category","embeddable":true,"href":"https:\/\/lyceejeanmace-vitry.fr\/index.php?rest_route=%2Fwp%2Fv2%2Fcategories&post=896"},{"taxonomy":"post_tag","embeddable":true,"href":"https:\/\/lyceejeanmace-vitry.fr\/index.php?rest_route=%2Fwp%2Fv2%2Ftags&post=896"}],"curies":[{"name":"wp","href":"https:\/\/api.w.org\/{rel}","templated":true}]}}