{"id":904,"date":"2025-10-05T13:16:26","date_gmt":"2025-10-05T13:16:26","guid":{"rendered":"https:\/\/lyceejeanmace-vitry.fr\/?p=904"},"modified":"2025-10-05T13:16:56","modified_gmt":"2025-10-05T13:16:56","slug":"jean-mace-en-stage-a-la-sncf","status":"publish","type":"post","link":"https:\/\/lyceejeanmace-vitry.fr\/?p=904","title":{"rendered":"Jean Mac\u00e9 en stage \u00e0 la SNCF"},"content":{"rendered":"\n<p>En cette journ\u00e9e de presque \u00e9t\u00e9 du 19 juin, nous avions pu nous rendre au technicentre SNCF de la station RER des Ardoines, pour faire plus ample connaissance avec non seulement les lieux mais surtout avec les ma\u00eetres de stage de nos \u00e9l\u00e8ves de seconde en fili\u00e8re maintenance industrielle (MPMIA \u2013 MSPC).<\/p>\n\n\n\n<p>Messieurs Lefebvre et Montuelle de la SNCF, n\u2019ont pas m\u00e9nag\u00e9 leurs efforts pour int\u00e9grer nos chers lyc\u00e9ens &#8211; Mohamed et Adem, dans leurs fines \u00e9quipes et cette grande famille qu\u2019est la soci\u00e9t\u00e9 nationale des chemins de fers fran\u00e7ais. Nous avons d\u00e9couvert des techniciens enthousiastes, attach\u00e9s \u00e0 leur m\u00e9tier, avec un sentiment d\u2019appartenance fort, ce qui n\u2019a pas manqu\u00e9 de d\u00e9teindre sur nos jeunes stagiaires. Les deux souhaitent poursuivre avec la SNCF dans le futur, avec l\u2019esp\u00e9rance de pouvoir confirmer des vocations d\u00e9j\u00e0 bien esquiss\u00e9es, aussi celle de s\u00e9curiser leur avenir professionnel. Lucidit\u00e9\/20.<\/p>\n\n\n\n<figure class=\"wp-block-image size-full\"><img loading=\"lazy\" decoding=\"async\" width=\"350\" height=\"254\" src=\"https:\/\/lyceejeanmace-vitry.fr\/wp-content\/uploads\/2025\/10\/stage1-1.png\" alt=\"\" class=\"wp-image-907\" srcset=\"https:\/\/lyceejeanmace-vitry.fr\/wp-content\/uploads\/2025\/10\/stage1-1.png 350w, https:\/\/lyceejeanmace-vitry.fr\/wp-content\/uploads\/2025\/10\/stage1-1-300x218.png 300w\" sizes=\"auto, (max-width: 350px) 100vw, 350px\" \/><figcaption class=\"wp-element-caption\">M. Lefebvre, Mohamed et M. Mada. Le photographe venait de sortir une blague pas dr\u00f4le.<\/figcaption><\/figure>\n\n\n\n<figure class=\"wp-block-image size-full\"><img loading=\"lazy\" decoding=\"async\" width=\"382\" height=\"275\" src=\"https:\/\/lyceejeanmace-vitry.fr\/wp-content\/uploads\/2025\/10\/stage2.png\" alt=\"\" class=\"wp-image-906\" srcset=\"https:\/\/lyceejeanmace-vitry.fr\/wp-content\/uploads\/2025\/10\/stage2.png 382w, https:\/\/lyceejeanmace-vitry.fr\/wp-content\/uploads\/2025\/10\/stage2-300x216.png 300w\" sizes=\"auto, (max-width: 382px) 100vw, 382px\" \/><figcaption class=\"wp-element-caption\">Adem, M. Mada et M. Montuelle. Le photographe venait de sortir une blague tr\u00e8s dr\u00f4le.<\/figcaption><\/figure>\n\n\n\n<p><\/p>\n","protected":false},"excerpt":{"rendered":"<p>En cette journ\u00e9e de presque \u00e9t\u00e9 du 19 juin, nous avions pu nous rendre au technicentre SNCF de la station<\/p>\n","protected":false},"author":3,"featured_media":906,"comment_status":"closed","ping_status":"closed","sticky":false,"template":"","format":"standard","meta":{"footnotes":""},"categories":[6],"tags":[],"class_list":["post-904","post","type-post","status-publish","format-standard","has-post-thumbnail","hentry","category-dernieres-actualites"],"_links":{"self":[{"href":"https:\/\/lyceejeanmace-vitry.fr\/index.php?rest_route=\/wp\/v2\/posts\/904","targetHints":{"allow":["GET"]}}],"collection":[{"href":"https:\/\/lyceejeanmace-vitry.fr\/index.php?rest_route=\/wp\/v2\/posts"}],"about":[{"href":"https:\/\/lyceejeanmace-vitry.fr\/index.php?rest_route=\/wp\/v2\/types\/post"}],"author":[{"embeddable":true,"href":"https:\/\/lyceejeanmace-vitry.fr\/index.php?rest_route=\/wp\/v2\/users\/3"}],"replies":[{"embeddable":true,"href":"https:\/\/lyceejeanmace-vitry.fr\/index.php?rest_route=%2Fwp%2Fv2%2Fcomments&post=904"}],"version-history":[{"count":1,"href":"https:\/\/lyceejeanmace-vitry.fr\/index.php?rest_route=\/wp\/v2\/posts\/904\/revisions"}],"predecessor-version":[{"id":908,"href":"https:\/\/lyceejeanmace-vitry.fr\/index.php?rest_route=\/wp\/v2\/posts\/904\/revisions\/908"}],"wp:featuredmedia":[{"embeddable":true,"href":"https:\/\/lyceejeanmace-vitry.fr\/index.php?rest_route=\/wp\/v2\/media\/906"}],"wp:attachment":[{"href":"https:\/\/lyceejeanmace-vitry.fr\/index.php?rest_route=%2Fwp%2Fv2%2Fmedia&parent=904"}],"wp:term":[{"taxonomy":"category","embeddable":true,"href":"https:\/\/lyceejeanmace-vitry.fr\/index.php?rest_route=%2Fwp%2Fv2%2Fcategories&post=904"},{"taxonomy":"post_tag","embeddable":true,"href":"https:\/\/lyceejeanmace-vitry.fr\/index.php?rest_route=%2Fwp%2Fv2%2Ftags&post=904"}],"curies":[{"name":"wp","href":"https:\/\/api.w.org\/{rel}","templated":true}]}}