{"id":910,"date":"2025-10-16T07:01:30","date_gmt":"2025-10-16T07:01:30","guid":{"rendered":"https:\/\/lyceejeanmace-vitry.fr\/?p=910"},"modified":"2025-10-16T07:01:30","modified_gmt":"2025-10-16T07:01:30","slug":"les-t-agora-plongent-dans-le-monde-du-recyclage-avec-paprec-et-cpossible","status":"publish","type":"post","link":"https:\/\/lyceejeanmace-vitry.fr\/?p=910","title":{"rendered":"Les T-AGOrA plongent dans le monde du recyclage avec PAPREC et C\u2019Possible"},"content":{"rendered":"\n<p>Le lundi 29 septembre 2025, les T-AGOrA du lyc\u00e9e Jean Mac\u00e9 avaient la chance d\u2019accueillir l\u2019association C\u2019Possible accompagn\u00e9e de professionnels de l\u2019entreprise PAPREC IDF Sud, pour une pr\u00e9sentation de leurs activit\u00e9s dans la valorisation de d\u00e9chets et le recyclage. Dites-vous que ce que les usagers jettent parfois sans scrupule, d\u00e9tient une valeur qu\u2019on oublie trop souvent&nbsp;: papier, carton, bois et m\u00e9taux&nbsp;; PAPREC s\u2019occupe de leur collecte, de leur tri et de leur valorisation.<\/p>\n\n\n\n<p>Toute cette activit\u00e9 d\u2019ordre industriel n\u00e9cessitant un grand travail de gestion, c\u2019est pourquoi ce sont bien les T-AGOrA auxquels l\u2019entreprise PAPREC et l\u2019association C\u2019Possible ce sont adress\u00e9s.<\/p>\n\n\n\n<p>Apr\u00e8s quelques \u00e9changes et ateliers auxquels les T-AGOrA ont particip\u00e9 avec int\u00e9r\u00eat, le message \u00e9tait clair&nbsp;: ce que les entreprises recherchent, ce sont des jeunes \u00e9veill\u00e9s, curieux et respectueux qui par cons\u00e9quent seront rapidement assimilables dans leurs \u00e9quipes de travailleurs.<\/p>\n\n\n\n<p>Nous remercions PAPREC pour cet entame de parrainage et C\u2019Possible, pour son action en faveur du rapprochement entre l\u2019\u00e9cole et le monde du travail. \u00c0 noter que l\u2019association propose un dispositif de mentorat \u00e0 tous les volontaires, qui ressentent le besoin d\u2019\u00eatre accompagn\u00e9s dans leurs parcours pr\u00e9-bac ou post-bac&nbsp;; un mentor \u00e9tant essentiellement un coach qui vous montrera comment plonger avec classe, dans la vie active (pour plus d\u2019informations&nbsp;: <a href=\"https:\/\/www.cpossible-asso.fr\/contact\/\">https:\/\/www.cpossible-asso.fr\/contact\/<\/a>)<\/p>\n\n\n\n<figure class=\"wp-block-image size-full\"><img loading=\"lazy\" decoding=\"async\" width=\"637\" height=\"431\" src=\"https:\/\/lyceejeanmace-vitry.fr\/wp-content\/uploads\/2025\/10\/Sans-titre.png\" alt=\"\" class=\"wp-image-911\" srcset=\"https:\/\/lyceejeanmace-vitry.fr\/wp-content\/uploads\/2025\/10\/Sans-titre.png 637w, https:\/\/lyceejeanmace-vitry.fr\/wp-content\/uploads\/2025\/10\/Sans-titre-300x203.png 300w\" sizes=\"auto, (max-width: 637px) 100vw, 637px\" \/><\/figure>\n","protected":false},"excerpt":{"rendered":"<p>Le lundi 29 septembre 2025, les T-AGOrA du lyc\u00e9e Jean Mac\u00e9 avaient la chance d\u2019accueillir l\u2019association C\u2019Possible accompagn\u00e9e de professionnels<\/p>\n","protected":false},"author":3,"featured_media":911,"comment_status":"closed","ping_status":"closed","sticky":false,"template":"","format":"standard","meta":{"footnotes":""},"categories":[6],"tags":[],"class_list":["post-910","post","type-post","status-publish","format-standard","has-post-thumbnail","hentry","category-dernieres-actualites"],"_links":{"self":[{"href":"https:\/\/lyceejeanmace-vitry.fr\/index.php?rest_route=\/wp\/v2\/posts\/910","targetHints":{"allow":["GET"]}}],"collection":[{"href":"https:\/\/lyceejeanmace-vitry.fr\/index.php?rest_route=\/wp\/v2\/posts"}],"about":[{"href":"https:\/\/lyceejeanmace-vitry.fr\/index.php?rest_route=\/wp\/v2\/types\/post"}],"author":[{"embeddable":true,"href":"https:\/\/lyceejeanmace-vitry.fr\/index.php?rest_route=\/wp\/v2\/users\/3"}],"replies":[{"embeddable":true,"href":"https:\/\/lyceejeanmace-vitry.fr\/index.php?rest_route=%2Fwp%2Fv2%2Fcomments&post=910"}],"version-history":[{"count":1,"href":"https:\/\/lyceejeanmace-vitry.fr\/index.php?rest_route=\/wp\/v2\/posts\/910\/revisions"}],"predecessor-version":[{"id":912,"href":"https:\/\/lyceejeanmace-vitry.fr\/index.php?rest_route=\/wp\/v2\/posts\/910\/revisions\/912"}],"wp:featuredmedia":[{"embeddable":true,"href":"https:\/\/lyceejeanmace-vitry.fr\/index.php?rest_route=\/wp\/v2\/media\/911"}],"wp:attachment":[{"href":"https:\/\/lyceejeanmace-vitry.fr\/index.php?rest_route=%2Fwp%2Fv2%2Fmedia&parent=910"}],"wp:term":[{"taxonomy":"category","embeddable":true,"href":"https:\/\/lyceejeanmace-vitry.fr\/index.php?rest_route=%2Fwp%2Fv2%2Fcategories&post=910"},{"taxonomy":"post_tag","embeddable":true,"href":"https:\/\/lyceejeanmace-vitry.fr\/index.php?rest_route=%2Fwp%2Fv2%2Ftags&post=910"}],"curies":[{"name":"wp","href":"https:\/\/api.w.org\/{rel}","templated":true}]}}