{"id":925,"date":"2026-01-21T07:42:26","date_gmt":"2026-01-21T07:42:26","guid":{"rendered":"https:\/\/lyceejeanmace-vitry.fr\/?p=925"},"modified":"2026-02-07T15:19:44","modified_gmt":"2026-02-07T15:19:44","slug":"le-lycee-jean-mace-ouvre-ses-portes-le-jeudi-12-fevrier-16h00-19h00","status":"publish","type":"post","link":"https:\/\/lyceejeanmace-vitry.fr\/?p=925","title":{"rendered":"Le lyc\u00e9e Jean Mac\u00e9 ouvre ses portes le jeudi 12 f\u00e9vrier 16h00-19h00"},"content":{"rendered":"\n<p>Que vous soyez \u00e9l\u00e8ves au lyc\u00e9e ou d&#8217;ailleurs, vous \u00eates tous invit\u00e9s vous et vos familles pour d\u00e9couvrir notre offre de formations du BAC PRO au BTS.<\/p>\n\n\n\n<div data-wp-interactive=\"core\/file\" class=\"wp-block-file\"><object data-wp-bind--hidden=\"!state.hasPdfPreview\" hidden class=\"wp-block-file__embed\" data=\"https:\/\/lyceejeanmace-vitry.fr\/wp-content\/uploads\/2026\/01\/Affiche-JPO-2026-13.pdf\" type=\"application\/pdf\" style=\"width:100%;height:1020px\" aria-label=\"Contenu embarqu\u00e9 Affiche JPO 2026 (13).\"><\/object><a id=\"wp-block-file--media-3a33fb57-7cfc-4196-a149-ef989b60a77d\" href=\"https:\/\/lyceejeanmace-vitry.fr\/wp-content\/uploads\/2026\/01\/Affiche-JPO-2026-13.pdf\">Affiche JPO 2026 (13)<\/a><a href=\"https:\/\/lyceejeanmace-vitry.fr\/wp-content\/uploads\/2026\/01\/Affiche-JPO-2026-13.pdf\" class=\"wp-block-file__button wp-element-button\" download aria-describedby=\"wp-block-file--media-3a33fb57-7cfc-4196-a149-ef989b60a77d\">T\u00e9l\u00e9charger<\/a><\/div>\n","protected":false},"excerpt":{"rendered":"<p>Que vous soyez \u00e9l\u00e8ves au lyc\u00e9e ou d&#8217;ailleurs, vous \u00eates tous invit\u00e9s vous et vos familles pour d\u00e9couvrir notre offre<\/p>\n","protected":false},"author":3,"featured_media":777,"comment_status":"closed","ping_status":"closed","sticky":false,"template":"","format":"standard","meta":{"footnotes":""},"categories":[6],"tags":[],"class_list":["post-925","post","type-post","status-publish","format-standard","has-post-thumbnail","hentry","category-dernieres-actualites"],"_links":{"self":[{"href":"https:\/\/lyceejeanmace-vitry.fr\/index.php?rest_route=\/wp\/v2\/posts\/925","targetHints":{"allow":["GET"]}}],"collection":[{"href":"https:\/\/lyceejeanmace-vitry.fr\/index.php?rest_route=\/wp\/v2\/posts"}],"about":[{"href":"https:\/\/lyceejeanmace-vitry.fr\/index.php?rest_route=\/wp\/v2\/types\/post"}],"author":[{"embeddable":true,"href":"https:\/\/lyceejeanmace-vitry.fr\/index.php?rest_route=\/wp\/v2\/users\/3"}],"replies":[{"embeddable":true,"href":"https:\/\/lyceejeanmace-vitry.fr\/index.php?rest_route=%2Fwp%2Fv2%2Fcomments&post=925"}],"version-history":[{"count":6,"href":"https:\/\/lyceejeanmace-vitry.fr\/index.php?rest_route=\/wp\/v2\/posts\/925\/revisions"}],"predecessor-version":[{"id":934,"href":"https:\/\/lyceejeanmace-vitry.fr\/index.php?rest_route=\/wp\/v2\/posts\/925\/revisions\/934"}],"wp:featuredmedia":[{"embeddable":true,"href":"https:\/\/lyceejeanmace-vitry.fr\/index.php?rest_route=\/wp\/v2\/media\/777"}],"wp:attachment":[{"href":"https:\/\/lyceejeanmace-vitry.fr\/index.php?rest_route=%2Fwp%2Fv2%2Fmedia&parent=925"}],"wp:term":[{"taxonomy":"category","embeddable":true,"href":"https:\/\/lyceejeanmace-vitry.fr\/index.php?rest_route=%2Fwp%2Fv2%2Fcategories&post=925"},{"taxonomy":"post_tag","embeddable":true,"href":"https:\/\/lyceejeanmace-vitry.fr\/index.php?rest_route=%2Fwp%2Fv2%2Ftags&post=925"}],"curies":[{"name":"wp","href":"https:\/\/api.w.org\/{rel}","templated":true}]}}