{"id":944,"date":"2026-04-28T07:30:32","date_gmt":"2026-04-28T07:30:32","guid":{"rendered":"https:\/\/lyceejeanmace-vitry.fr\/?p=944"},"modified":"2026-04-28T07:30:55","modified_gmt":"2026-04-28T07:30:55","slug":"cap-sur-leurope-le-succes-des-echanges-internationaux-au-lycee-jean-mace","status":"publish","type":"post","link":"https:\/\/lyceejeanmace-vitry.fr\/?p=944","title":{"rendered":"Cap sur l&#8217;Europe : Le succ\u00e8s des \u00e9changes internationaux au Lyc\u00e9e Jean Mac\u00e9"},"content":{"rendered":"\n<p>Le lyc\u00e9e Jean Mac\u00e9 est fier d\u2019annoncer que, gr\u00e2ce aux financements europ\u00e9ens, 35 mobilit\u00e9s ont pu \u00eatre organis\u00e9es dans le cadre de l\u2019enseignement professionnel :<\/p>\n\n\n\n<ul class=\"wp-block-list\">\n<li>26 \u00e9l\u00e8ves de terminale, toutes fili\u00e8res confondues, \u00e0 destination de Valence (Espagne) ;<\/li>\n\n\n\n<li>9 \u00e9l\u00e8ves de premi\u00e8re des fili\u00e8res industrielles \u00e0 Brescia (Italie) ;<\/li>\n\n\n\n<li>1 mobilit\u00e9 de personnel \u00e0 destination de Malte.<\/li>\n<\/ul>\n\n\n\n<p>Ces actions t\u00e9moignent de l\u2019engagement du lyc\u00e9e en faveur de l\u2019ouverture europ\u00e9enne et de la mobilit\u00e9 internationale.<\/p>\n\n\n\n<figure class=\"wp-block-image size-large\"><img loading=\"lazy\" decoding=\"async\" width=\"1024\" height=\"768\" src=\"https:\/\/lyceejeanmace-vitry.fr\/wp-content\/uploads\/2026\/04\/Valence-RGPD-20252-1024x768.jpeg\" alt=\"\" class=\"wp-image-949\" srcset=\"https:\/\/lyceejeanmace-vitry.fr\/wp-content\/uploads\/2026\/04\/Valence-RGPD-20252-1024x768.jpeg 1024w, https:\/\/lyceejeanmace-vitry.fr\/wp-content\/uploads\/2026\/04\/Valence-RGPD-20252-300x225.jpeg 300w, https:\/\/lyceejeanmace-vitry.fr\/wp-content\/uploads\/2026\/04\/Valence-RGPD-20252-768x576.jpeg 768w, https:\/\/lyceejeanmace-vitry.fr\/wp-content\/uploads\/2026\/04\/Valence-RGPD-20252-1536x1152.jpeg 1536w, https:\/\/lyceejeanmace-vitry.fr\/wp-content\/uploads\/2026\/04\/Valence-RGPD-20252.jpeg 2048w\" sizes=\"auto, (max-width: 1024px) 100vw, 1024px\" \/><\/figure>\n\n\n\n<figure class=\"wp-block-image size-large\"><img loading=\"lazy\" decoding=\"async\" width=\"1024\" height=\"768\" src=\"https:\/\/lyceejeanmace-vitry.fr\/wp-content\/uploads\/2026\/04\/Valence-RGPD-20251-1024x768.jpeg\" alt=\"\" class=\"wp-image-948\" srcset=\"https:\/\/lyceejeanmace-vitry.fr\/wp-content\/uploads\/2026\/04\/Valence-RGPD-20251-1024x768.jpeg 1024w, https:\/\/lyceejeanmace-vitry.fr\/wp-content\/uploads\/2026\/04\/Valence-RGPD-20251-300x225.jpeg 300w, https:\/\/lyceejeanmace-vitry.fr\/wp-content\/uploads\/2026\/04\/Valence-RGPD-20251-768x576.jpeg 768w, https:\/\/lyceejeanmace-vitry.fr\/wp-content\/uploads\/2026\/04\/Valence-RGPD-20251-1536x1152.jpeg 1536w, https:\/\/lyceejeanmace-vitry.fr\/wp-content\/uploads\/2026\/04\/Valence-RGPD-20251.jpeg 1600w\" sizes=\"auto, (max-width: 1024px) 100vw, 1024px\" \/><\/figure>\n\n\n\n<figure class=\"wp-block-image size-large\"><img loading=\"lazy\" decoding=\"async\" width=\"768\" height=\"1024\" src=\"https:\/\/lyceejeanmace-vitry.fr\/wp-content\/uploads\/2026\/04\/Brescia1-1-768x1024.jpeg\" alt=\"\" class=\"wp-image-946\" srcset=\"https:\/\/lyceejeanmace-vitry.fr\/wp-content\/uploads\/2026\/04\/Brescia1-1-768x1024.jpeg 768w, https:\/\/lyceejeanmace-vitry.fr\/wp-content\/uploads\/2026\/04\/Brescia1-1-225x300.jpeg 225w, https:\/\/lyceejeanmace-vitry.fr\/wp-content\/uploads\/2026\/04\/Brescia1-1-1152x1536.jpeg 1152w, https:\/\/lyceejeanmace-vitry.fr\/wp-content\/uploads\/2026\/04\/Brescia1-1.jpeg 1200w\" sizes=\"auto, (max-width: 768px) 100vw, 768px\" \/><\/figure>\n\n\n\n<figure class=\"wp-block-image size-large\"><img loading=\"lazy\" decoding=\"async\" width=\"1024\" height=\"768\" src=\"https:\/\/lyceejeanmace-vitry.fr\/wp-content\/uploads\/2026\/04\/Brescia2-1024x768.jpeg\" alt=\"\" class=\"wp-image-947\" srcset=\"https:\/\/lyceejeanmace-vitry.fr\/wp-content\/uploads\/2026\/04\/Brescia2-1024x768.jpeg 1024w, https:\/\/lyceejeanmace-vitry.fr\/wp-content\/uploads\/2026\/04\/Brescia2-300x225.jpeg 300w, https:\/\/lyceejeanmace-vitry.fr\/wp-content\/uploads\/2026\/04\/Brescia2-768x576.jpeg 768w, https:\/\/lyceejeanmace-vitry.fr\/wp-content\/uploads\/2026\/04\/Brescia2-1536x1152.jpeg 1536w, https:\/\/lyceejeanmace-vitry.fr\/wp-content\/uploads\/2026\/04\/Brescia2.jpeg 1600w\" sizes=\"auto, (max-width: 1024px) 100vw, 1024px\" \/><\/figure>\n","protected":false},"excerpt":{"rendered":"<p>Le lyc\u00e9e Jean Mac\u00e9 est fier d\u2019annoncer que, gr\u00e2ce aux financements europ\u00e9ens, 35 mobilit\u00e9s ont pu \u00eatre organis\u00e9es dans le<\/p>\n","protected":false},"author":3,"featured_media":947,"comment_status":"closed","ping_status":"closed","sticky":false,"template":"","format":"standard","meta":{"footnotes":""},"categories":[6],"tags":[],"class_list":["post-944","post","type-post","status-publish","format-standard","has-post-thumbnail","hentry","category-dernieres-actualites"],"_links":{"self":[{"href":"https:\/\/lyceejeanmace-vitry.fr\/index.php?rest_route=\/wp\/v2\/posts\/944","targetHints":{"allow":["GET"]}}],"collection":[{"href":"https:\/\/lyceejeanmace-vitry.fr\/index.php?rest_route=\/wp\/v2\/posts"}],"about":[{"href":"https:\/\/lyceejeanmace-vitry.fr\/index.php?rest_route=\/wp\/v2\/types\/post"}],"author":[{"embeddable":true,"href":"https:\/\/lyceejeanmace-vitry.fr\/index.php?rest_route=\/wp\/v2\/users\/3"}],"replies":[{"embeddable":true,"href":"https:\/\/lyceejeanmace-vitry.fr\/index.php?rest_route=%2Fwp%2Fv2%2Fcomments&post=944"}],"version-history":[{"count":1,"href":"https:\/\/lyceejeanmace-vitry.fr\/index.php?rest_route=\/wp\/v2\/posts\/944\/revisions"}],"predecessor-version":[{"id":950,"href":"https:\/\/lyceejeanmace-vitry.fr\/index.php?rest_route=\/wp\/v2\/posts\/944\/revisions\/950"}],"wp:featuredmedia":[{"embeddable":true,"href":"https:\/\/lyceejeanmace-vitry.fr\/index.php?rest_route=\/wp\/v2\/media\/947"}],"wp:attachment":[{"href":"https:\/\/lyceejeanmace-vitry.fr\/index.php?rest_route=%2Fwp%2Fv2%2Fmedia&parent=944"}],"wp:term":[{"taxonomy":"category","embeddable":true,"href":"https:\/\/lyceejeanmace-vitry.fr\/index.php?rest_route=%2Fwp%2Fv2%2Fcategories&post=944"},{"taxonomy":"post_tag","embeddable":true,"href":"https:\/\/lyceejeanmace-vitry.fr\/index.php?rest_route=%2Fwp%2Fv2%2Ftags&post=944"}],"curies":[{"name":"wp","href":"https:\/\/api.w.org\/{rel}","templated":true}]}}